{"id":2279,"date":"2025-03-20T12:29:02","date_gmt":"2025-03-20T11:29:02","guid":{"rendered":"https:\/\/www.sa-urg.eu\/?p=2279"},"modified":"2026-01-26T10:52:13","modified_gmt":"2026-01-26T09:52:13","slug":"de-la-necesidad-de-la-cooperacion-transfronteriza-de-urgencia-sanitaria-balance-y-conclusiones-del-accidente-de-autobus-en-porte-puymorens","status":"publish","type":"post","link":"https:\/\/www.sa-urg.eu\/es\/2025\/03\/20\/de-la-necesidad-de-la-cooperacion-transfronteriza-de-urgencia-sanitaria-balance-y-conclusiones-del-accidente-de-autobus-en-porte-puymorens\/","title":{"rendered":"De la necesidad de la cooperaci\u00f3n transfronteriza de urgencia sanitaria: balance y conclusiones del accidente de autob\u00fas en Port\u00e9-Puymorens"},"content":{"rendered":"\n<p>El 1 de diciembre de 2024, un tr\u00e1gico accidente de coche en la RN 320, en Port\u00e9-Puymorens, puso a dura prueba los dispositivos de socorro transfronterizos. Un autocar espa\u00f1ol que regresaba de Andorra choc\u00f3 contra una pared rocosa, causando la muerte de dos pasajeros e hiriendo a otras 46 personas, entre ellas varios menores. La gesti\u00f3n del desastre moviliz\u00f3 considerables recursos humanos y log\u00edsticos a ambos lados de la frontera, lo que ilustra tanto la necesidad como los desaf\u00edos de la cooperaci\u00f3n transfronteriza en situaciones de emergencia.&nbsp;<\/p>\n\n\n\n<p><\/p>\n\n\n\n<p><strong>Una movilizaci\u00f3n de gran envergadura con dimensiones transfronterizas<\/strong><\/p>\n\n\n\n<p>Desde los primeros informes a las 17h, el Centro Operativo Departamental de Incendios y Socorro (CODIS) de Pirineos Orientales ha coordinado una intervenci\u00f3n masiva. Cerca de 200 bomberos, de los SDIS 66, 09 y 11, pero tambi\u00e9n efectivos de Catalu\u00f1a y Andorra, han sido enviados al lugar.&nbsp;<\/p>\n\n\n\n<p>Asimismo, el SEM moviliz\u00f3 a 8 USVB (Unidad de Atenci\u00f3n B\u00e1sica), 5 USVA (Unidad de Cuidados Intensivos de Supervivencia), 1 helic\u00f3ptero m\u00e9dico, 2 ambulancias de transporte colectivo, 3 psic\u00f3logos de emergencia y 5 mandos.<\/p>\n\n\n\n<p>Este despliegue ha sido fundamental para llevar a los heridos a los hospitales m\u00e1s cercanos. El Hospital Transfronterizo de Puigcerd\u00e0, en Catalu\u00f1a, desempe\u00f1\u00f3 un papel clave en la atenci\u00f3n inicial, antes de que los casos m\u00e1s graves fueran trasladados a Toulouse, Perpi\u00f1\u00e1n o Barcelona.&nbsp;<\/p>\n\n\n\n<p><\/p>\n\n\n\n<div class=\"wp-block-columns is-layout-flex wp-container-core-columns-is-layout-28f84493 wp-block-columns-is-layout-flex\">\n<div class=\"wp-block-column is-layout-flow wp-block-column-is-layout-flow\">\n<figure class=\"wp-block-image size-full\"><img loading=\"lazy\" decoding=\"async\" width=\"425\" height=\"240\" src=\"https:\/\/www.sa-urg.eu\/wp-content\/uploads\/2025\/03\/Imagen3_web-1.jpg\" alt=\"\" class=\"wp-image-2298\" srcset=\"https:\/\/www.sa-urg.eu\/wp-content\/uploads\/2025\/03\/Imagen3_web-1.jpg 425w, https:\/\/www.sa-urg.eu\/wp-content\/uploads\/2025\/03\/Imagen3_web-1-300x169.jpg 300w, https:\/\/www.sa-urg.eu\/wp-content\/uploads\/2025\/03\/Imagen3_web-1-18x10.jpg 18w\" sizes=\"auto, (max-width: 425px) 100vw, 425px\" \/><\/figure>\n<\/div>\n\n\n\n<div class=\"wp-block-column is-layout-flow wp-block-column-is-layout-flow\">\n<figure class=\"wp-block-image size-full\"><img loading=\"lazy\" decoding=\"async\" width=\"425\" height=\"240\" src=\"https:\/\/www.sa-urg.eu\/wp-content\/uploads\/2025\/03\/autobus-2.jpg\" alt=\"\" class=\"wp-image-2299\" srcset=\"https:\/\/www.sa-urg.eu\/wp-content\/uploads\/2025\/03\/autobus-2.jpg 425w, https:\/\/www.sa-urg.eu\/wp-content\/uploads\/2025\/03\/autobus-2-300x169.jpg 300w, https:\/\/www.sa-urg.eu\/wp-content\/uploads\/2025\/03\/autobus-2-18x10.jpg 18w\" sizes=\"auto, (max-width: 425px) 100vw, 425px\" \/><\/figure>\n<\/div>\n<\/div>\n\n\n\n<p><strong>El papel estructurador del proyecto SA-URG en la cooperaci\u00f3n transfronteriza&nbsp;<\/strong><\/p>\n\n\n\n<p>Este accidente destac\u00f3 la importancia del proyecto SA-URG, financiado por el programa POCTEFA. El proyecto tiene por objeto mejorar la coordinaci\u00f3n de las actividades de socorro en materia de salud entre Francia, Espa\u00f1a y Andorra, superando los obst\u00e1culos administrativos y t\u00e9cnicos que a veces dificultan las intervenciones.&nbsp;<\/p>\n\n\n\n<p><\/p>\n\n\n\n<p>El accidente de autob\u00fas ha requerido la puesta en marcha de las <strong>acciones que promueve el proyecto SA-URG:&nbsp;<\/strong><\/p>\n\n\n\n<ul class=\"wp-block-list\">\n<li>La cooperaci\u00f3n entre el SAMU de Perpi\u00f1\u00e1n y el SEM catal\u00e1n para organizar la clasificaci\u00f3n y la orientaci\u00f3n de los heridos.&nbsp;<\/li>\n\n\n\n<li>La implicaci\u00f3n del Hospital Transfronterizo de Puigcerd\u00e0, que se ha impuesto como punto central para la gesti\u00f3n de la emergencia.&nbsp;<\/li>\n\n\n\n<li>La utilizaci\u00f3n de medios a\u00e9reos y terrestres de varios departamentos franceses: H\u00e9rault, Ari\u00e8ge, Haute-Garonne (con un equipo pedi\u00e1trico) y Aude, lo que permite un transporte m\u00e1s r\u00e1pido de las v\u00edctimas a centros especializados.<\/li>\n<\/ul>\n\n\n\n<p><\/p>\n\n\n\n<p>Sin embargo, este accidente tambi\u00e9n revel\u00f3 las necesarias mejoras en la gesti\u00f3n y atenci\u00f3n transfronteriza de las emergencias sanitarias:&nbsp;<\/p>\n\n\n\n<ul class=\"wp-block-list\">\n<li>Diferencias en los sistemas de regulaci\u00f3n del socorro entre Francia y Espa\u00f1a, lo que provoca retrasos en la coordinaci\u00f3n inicial.&nbsp;<\/li>\n\n\n\n<li>La falta de un protocolo \u00fanico para compartir los datos m\u00e9dicos, lo que complica el seguimiento de los pacientes durante los traslados de un pa\u00eds a otro.&nbsp;<\/li>\n\n\n\n<li>La necesidad de mejorar las herramientas digitales y de comunicaci\u00f3n para facilitar el intercambio de informaci\u00f3n en tiempo real.&nbsp;<\/li>\n<\/ul>\n\n\n\n<div class=\"wp-block-columns is-layout-flex wp-container-core-columns-is-layout-28f84493 wp-block-columns-is-layout-flex\">\n<div class=\"wp-block-column is-layout-flow wp-block-column-is-layout-flow\">\n<figure class=\"wp-block-image alignright size-full\"><img loading=\"lazy\" decoding=\"async\" width=\"358\" height=\"415\" src=\"https:\/\/www.sa-urg.eu\/wp-content\/uploads\/2025\/03\/hospital_web.jpg\" alt=\"\" class=\"wp-image-2301\" srcset=\"https:\/\/www.sa-urg.eu\/wp-content\/uploads\/2025\/03\/hospital_web.jpg 358w, https:\/\/www.sa-urg.eu\/wp-content\/uploads\/2025\/03\/hospital_web-259x300.jpg 259w, https:\/\/www.sa-urg.eu\/wp-content\/uploads\/2025\/03\/hospital_web-10x12.jpg 10w\" sizes=\"auto, (max-width: 358px) 100vw, 358px\" \/><\/figure>\n<\/div>\n\n\n\n<div class=\"wp-block-column is-layout-flow wp-block-column-is-layout-flow\">\n<figure class=\"wp-block-image size-full\"><img loading=\"lazy\" decoding=\"async\" width=\"358\" height=\"415\" src=\"https:\/\/www.sa-urg.eu\/wp-content\/uploads\/2025\/03\/interior2_web.jpg\" alt=\"\" class=\"wp-image-2302\" srcset=\"https:\/\/www.sa-urg.eu\/wp-content\/uploads\/2025\/03\/interior2_web.jpg 358w, https:\/\/www.sa-urg.eu\/wp-content\/uploads\/2025\/03\/interior2_web-259x300.jpg 259w, https:\/\/www.sa-urg.eu\/wp-content\/uploads\/2025\/03\/interior2_web-10x12.jpg 10w\" sizes=\"auto, (max-width: 358px) 100vw, 358px\" \/><\/figure>\n<\/div>\n<\/div>\n\n\n\n<p><\/p>\n\n\n\n<p><strong>Necesidad de reforzar los acuerdos transfronterizos en materia de emergencia&nbsp;<\/strong><\/p>\n\n\n\n<p>Ante las ense\u00f1anzas extra\u00eddas de este accidente, las autoridades sanitarias de ambos lados del Pirineo reafirmaron la necesidad de finalizar y firmar acuerdos transfronterizos entre los diferentes actores para:&nbsp;<\/p>\n\n\n\n<ul class=\"wp-block-list\">\n<li>1.&nbsp; Estandarizar los procedimientos de intervenci\u00f3n y formar a los equipos.&nbsp;<\/li>\n\n\n\n<li>2.&nbsp; Mejorar la coordinaci\u00f3n entre los equipos de los diferentes territorios<\/li>\n\n\n\n<li>3.&nbsp; Mejorar la interoperabilidad de las herramientas digitales para compartir datos de pacientes de forma segura e instant\u00e1nea.&nbsp;<\/li>\n\n\n\n<li>4.&nbsp; Organizar ejercicios conjuntos entre los socorristas de los tres pa\u00edses para anticipar mejor las pr\u00f3ximas crisis.&nbsp;<\/li>\n<\/ul>\n\n\n\n\n\n<p><strong>Un accidente revelador de los retos de la cooperaci\u00f3n transfronteriza<\/strong><\/p>\n\n\n\n<p>El accidente de Port\u00e9-Puymorens ha demostrado que la cooperaci\u00f3n transfronteriza pirenaica en materia de socorro de emergencia es una realidad, pero a\u00fan muy perfectible. Gracias al proyecto SA-URG, los actores de la atenci\u00f3n de urgencia sanita la salud y del socorro de los territorios fronterizos contin\u00faan su trabajo para construir un modelo de intervenci\u00f3n m\u00e1s fluido, m\u00e1s reactivo y mejor coordinado.&nbsp;<\/p>\n\n\n\n<p><\/p>\n","protected":false},"excerpt":{"rendered":"<p>El 1 de diciembre de 2024, un tr\u00e1gico accidente de coche en la RN 320, en Port\u00e9-Puymorens, puso a dura prueba los dispositivos de socorro transfronterizos. Un autocar espa\u00f1ol que regresaba de Andorra choc\u00f3 contra una pared rocosa, causando la muerte de dos pasajeros e hiriendo a otras 46 personas, entre ellas varios menores. La &hellip; <\/p>\n<p class=\"link-more\"><a href=\"https:\/\/www.sa-urg.eu\/es\/2025\/03\/20\/de-la-necesidad-de-la-cooperacion-transfronteriza-de-urgencia-sanitaria-balance-y-conclusiones-del-accidente-de-autobus-en-porte-puymorens\/\" class=\"more-link\">Leer m\u00e1s<span class=\"screen-reader-text\"> \u00abDe la necesidad de la cooperaci\u00f3n transfronteriza de urgencia sanitaria: balance y conclusiones del accidente de autob\u00fas en Port\u00e9-Puymorens\u00bb<\/span><\/a><\/p>\n","protected":false},"author":1,"featured_media":2281,"comment_status":"closed","ping_status":"closed","sticky":true,"template":"","format":"standard","meta":{"_themeisle_gutenberg_block_has_review":false,"footnotes":""},"categories":[3],"tags":[],"class_list":["post-2279","post","type-post","status-publish","format-standard","has-post-thumbnail","hentry","category-actualidad"],"_links":{"self":[{"href":"https:\/\/www.sa-urg.eu\/es\/wp-json\/wp\/v2\/posts\/2279","targetHints":{"allow":["GET"]}}],"collection":[{"href":"https:\/\/www.sa-urg.eu\/es\/wp-json\/wp\/v2\/posts"}],"about":[{"href":"https:\/\/www.sa-urg.eu\/es\/wp-json\/wp\/v2\/types\/post"}],"author":[{"embeddable":true,"href":"https:\/\/www.sa-urg.eu\/es\/wp-json\/wp\/v2\/users\/1"}],"replies":[{"embeddable":true,"href":"https:\/\/www.sa-urg.eu\/es\/wp-json\/wp\/v2\/comments?post=2279"}],"version-history":[{"count":13,"href":"https:\/\/www.sa-urg.eu\/es\/wp-json\/wp\/v2\/posts\/2279\/revisions"}],"predecessor-version":[{"id":2307,"href":"https:\/\/www.sa-urg.eu\/es\/wp-json\/wp\/v2\/posts\/2279\/revisions\/2307"}],"wp:featuredmedia":[{"embeddable":true,"href":"https:\/\/www.sa-urg.eu\/es\/wp-json\/wp\/v2\/media\/2281"}],"wp:attachment":[{"href":"https:\/\/www.sa-urg.eu\/es\/wp-json\/wp\/v2\/media?parent=2279"}],"wp:term":[{"taxonomy":"category","embeddable":true,"href":"https:\/\/www.sa-urg.eu\/es\/wp-json\/wp\/v2\/categories?post=2279"},{"taxonomy":"post_tag","embeddable":true,"href":"https:\/\/www.sa-urg.eu\/es\/wp-json\/wp\/v2\/tags?post=2279"}],"curies":[{"name":"wp","href":"https:\/\/api.w.org\/{rel}","templated":true}]}}