{"id":2425,"date":"2025-06-11T16:02:34","date_gmt":"2025-06-11T14:02:34","guid":{"rendered":"https:\/\/www.sa-urg.eu\/?p=2425"},"modified":"2026-01-26T10:51:44","modified_gmt":"2026-01-26T09:51:44","slug":"primera-formacion-inmersiva-del-proyecto-sa-urg-entrenarse-y-cooperar-para-intervenir-mejor-en-situaciones-de-emergencia-transfronteriza","status":"publish","type":"post","link":"https:\/\/www.sa-urg.eu\/es\/2025\/06\/11\/primera-formacion-inmersiva-del-proyecto-sa-urg-entrenarse-y-cooperar-para-intervenir-mejor-en-situaciones-de-emergencia-transfronteriza\/","title":{"rendered":"Primera formaci\u00f3n inmersiva del proyecto SA-URG: entrenarse y cooperar para intervenir mejor en situaciones de emergencia transfronteriza"},"content":{"rendered":"\n<p>El pasado 29 y 30 de abril, el Centro Hospitalario Universitario (CHU) de Toulouse Purpan acogi\u00f3 la primera formaci\u00f3n del proyecto europeo POCTEFA SA-URG, una importante iniciativa para reforzar la respuesta a las situaciones de emergencia y cat\u00e1strofe en ambos lados del Pirineo. Esta primera sesi\u00f3n de formaci\u00f3n se celebr\u00f3 en las instalaciones \u00fanicas del Centro de Simulaci\u00f3n Ambiental y Neurosensorial (SENS) del CHU de Toulouse, un espacio inmersivo y multisensorial a la vanguardia de la innovaci\u00f3n que permite recrear situaciones de emergencia extremas: lluvia, nieve, humo, vibraciones, escenarios en 3D&#8230; Un entorno id\u00f3neo para aprender a reaccionar eficazmente en condiciones cercanas a la realidad.<\/p>\n\n\n\n<div class=\"wp-block-columns is-layout-flex wp-container-core-columns-is-layout-28f84493 wp-block-columns-is-layout-flex\">\n<div class=\"wp-block-column is-layout-flow wp-block-column-is-layout-flow\">\n<figure class=\"wp-block-image size-full\"><img loading=\"lazy\" decoding=\"async\" width=\"1000\" height=\"563\" src=\"https:\/\/www.sa-urg.eu\/wp-content\/uploads\/2025\/06\/IMG_4258-copia.jpg\" alt=\"\" class=\"wp-image-2434\" srcset=\"https:\/\/www.sa-urg.eu\/wp-content\/uploads\/2025\/06\/IMG_4258-copia.jpg 1000w, https:\/\/www.sa-urg.eu\/wp-content\/uploads\/2025\/06\/IMG_4258-copia-300x169.jpg 300w, https:\/\/www.sa-urg.eu\/wp-content\/uploads\/2025\/06\/IMG_4258-copia-18x10.jpg 18w\" sizes=\"auto, (max-width: 1000px) 100vw, 1000px\" \/><\/figure>\n<\/div>\n\n\n\n<div class=\"wp-block-column is-layout-flow wp-block-column-is-layout-flow\">\n<figure class=\"wp-block-image size-full\"><img loading=\"lazy\" decoding=\"async\" width=\"1000\" height=\"563\" src=\"http:\/\/www.sa-urg.eu\/wp-content\/uploads\/2025\/06\/IMG_4367-copia.jpg\" alt=\"\" class=\"wp-image-2442\" srcset=\"https:\/\/www.sa-urg.eu\/wp-content\/uploads\/2025\/06\/IMG_4367-copia.jpg 1000w, https:\/\/www.sa-urg.eu\/wp-content\/uploads\/2025\/06\/IMG_4367-copia-300x169.jpg 300w, https:\/\/www.sa-urg.eu\/wp-content\/uploads\/2025\/06\/IMG_4367-copia-18x10.jpg 18w\" sizes=\"auto, (max-width: 1000px) 100vw, 1000px\" \/><\/figure>\n<\/div>\n<\/div>\n\n\n\n<p><strong>Un entrenamiento com\u00fan para actuar mejor juntos<\/strong><\/p>\n\n\n\n<p>El objetivo de la formaci\u00f3n era claro: preparar equipos sanitarios m\u00f3viles transfronterizos capaces de intervenir r\u00e1pida y coordinadamente en caso de accidentes graves, desastres naturales o grandes concentraciones. Para ello, se reunieron profesionales de varios servicios de emergencia de ambos lados del Pirineo, entre ellos el Servicio Navarro de Salud-Osasunbidea, el Servicis Assistenciaus Integrats d&#8217;Aran, el SAMU del CHIVA, el SAMU 31 y el CHU de Toulouse.<\/p>\n\n\n\n<p>En el programa:<\/p>\n\n\n\n<p>&gt; M\u00f3dulos te\u00f3ricos en torno al damage control y dispositivos ORSEC\/NOVI, para armonizar los conocimientos y protocolos de gesti\u00f3n de crisis.<\/p>\n\n\n\n<p>&gt; Talleres pr\u00e1cticos y escenarios inmersivos, para perfeccionar las t\u00e9cnicas de clasificaci\u00f3n, rescate en monta\u00f1a y asistencia in situ.<\/p>\n\n\n\n<p><strong>Aprender a superar las barreras y cooperar<\/strong><\/p>\n\n\n\n<p>M\u00e1s all\u00e1 de la formaci\u00f3n t\u00e9cnica, esta primera formaci\u00f3n del proyecto SA-URG ten\u00eda como misi\u00f3n favorecer el trabajo en equipo entre profesionales de diferentes culturas, servicios e idiomas, tema esencial necesidad cuando se trata de intervenir juntos en eventos donde la rapidez y la coordinaci\u00f3n son vitales.<\/p>\n\n\n\n<p>Como han subrayado varios participantes, esta experiencia ha permitido tomar conciencia de las diferencias organizativas y ling\u00fc\u00edsticas, pero sobre todo se ha entrenado para superarlas y poner la atenci\u00f3n a las v\u00edctimas en el centro de la acci\u00f3n com\u00fan. El trabajo en equipo, el debriefing y el an\u00e1lisis colectivo de los ejercicios han sido momentos fuertes que han enriquecido las competencias individuales.<\/p>\n\n\n\n<p>SA-URG, cofinanciado por la Uni\u00f3n Europea a trav\u00e9s del programa Interreg VI-A POCTEFA 2021-2027, tiene como objetivo crear una red transfronteriza de cooperaci\u00f3n sanitaria y entrenamiento com\u00fan. Esta primera formaci\u00f3n marca el inicio concreto de este ambicioso programa de SA-URG que, apoy\u00e1ndose en la formaci\u00f3n inmersiva y la colaboraci\u00f3n activa, tiene como objetivo reforzar de forma duradera la seguridad y la eficacia de las intervenciones de emergencia en toda la cadena pirenaica.<\/p>\n\n\n\n<figure class=\"wp-block-gallery has-nested-images columns-default is-cropped wp-block-gallery-1 is-layout-flex wp-block-gallery-is-layout-flex\">\n<figure class=\"wp-block-image size-large\"><img loading=\"lazy\" decoding=\"async\" width=\"1000\" height=\"563\" data-id=\"2432\" src=\"https:\/\/www.sa-urg.eu\/wp-content\/uploads\/2025\/06\/DSC_0026-copia.jpg\" alt=\"\" class=\"wp-image-2432\" srcset=\"https:\/\/www.sa-urg.eu\/wp-content\/uploads\/2025\/06\/DSC_0026-copia.jpg 1000w, https:\/\/www.sa-urg.eu\/wp-content\/uploads\/2025\/06\/DSC_0026-copia-300x169.jpg 300w, https:\/\/www.sa-urg.eu\/wp-content\/uploads\/2025\/06\/DSC_0026-copia-18x10.jpg 18w\" sizes=\"auto, (max-width: 1000px) 100vw, 1000px\" \/><\/figure>\n\n\n\n<figure class=\"wp-block-image size-large\"><img loading=\"lazy\" decoding=\"async\" width=\"1024\" height=\"576\" data-id=\"2433\" src=\"https:\/\/www.sa-urg.eu\/wp-content\/uploads\/2025\/06\/IMG_4323-copia-1024x576.jpg\" alt=\"\" class=\"wp-image-2433\" srcset=\"https:\/\/www.sa-urg.eu\/wp-content\/uploads\/2025\/06\/IMG_4323-copia-1024x576.jpg 1024w, https:\/\/www.sa-urg.eu\/wp-content\/uploads\/2025\/06\/IMG_4323-copia-300x169.jpg 300w, https:\/\/www.sa-urg.eu\/wp-content\/uploads\/2025\/06\/IMG_4323-copia-18x10.jpg 18w, https:\/\/www.sa-urg.eu\/wp-content\/uploads\/2025\/06\/IMG_4323-copia.jpg 1389w\" sizes=\"auto, (max-width: 1024px) 100vw, 1024px\" \/><\/figure>\n<\/figure>\n\n\n\n<div style=\"height:100px\" aria-hidden=\"true\" class=\"wp-block-spacer\"><\/div>\n\n\n\n<figure class=\"wp-block-embed is-type-video is-provider-youtube wp-block-embed-youtube wp-embed-aspect-16-9 wp-has-aspect-ratio\"><div class=\"wp-block-embed__wrapper\">\n<iframe loading=\"lazy\" title=\"Primera formaci\u00f3n inmersiva del proyecto SA-URG:\" width=\"950\" height=\"534\" src=\"https:\/\/www.youtube.com\/embed\/tkxPvq5SmHY?feature=oembed\" frameborder=\"0\" allow=\"accelerometer; autoplay; clipboard-write; encrypted-media; gyroscope; picture-in-picture; web-share\" referrerpolicy=\"strict-origin-when-cross-origin\" allowfullscreen><\/iframe>\n<\/div><\/figure>\n","protected":false},"excerpt":{"rendered":"<p>El pasado 29 y 30 de abril, el Centro Hospitalario Universitario (CHU) de Toulouse Purpan acogi\u00f3 la primera formaci\u00f3n del proyecto europeo POCTEFA SA-URG, una importante iniciativa para reforzar la respuesta a las situaciones de emergencia y cat\u00e1strofe en ambos lados del Pirineo. Esta primera sesi\u00f3n de formaci\u00f3n se celebr\u00f3 en las instalaciones \u00fanicas del &hellip; <\/p>\n<p class=\"link-more\"><a href=\"https:\/\/www.sa-urg.eu\/es\/2025\/06\/11\/primera-formacion-inmersiva-del-proyecto-sa-urg-entrenarse-y-cooperar-para-intervenir-mejor-en-situaciones-de-emergencia-transfronteriza\/\" class=\"more-link\">Leer m\u00e1s<span class=\"screen-reader-text\"> \u00abPrimera formaci\u00f3n inmersiva del proyecto SA-URG: entrenarse y cooperar para intervenir mejor en situaciones de emergencia transfronteriza\u00bb<\/span><\/a><\/p>\n","protected":false},"author":1,"featured_media":2435,"comment_status":"open","ping_status":"open","sticky":true,"template":"","format":"standard","meta":{"_themeisle_gutenberg_block_has_review":false,"footnotes":""},"categories":[3],"tags":[],"class_list":["post-2425","post","type-post","status-publish","format-standard","has-post-thumbnail","hentry","category-actualidad"],"_links":{"self":[{"href":"https:\/\/www.sa-urg.eu\/es\/wp-json\/wp\/v2\/posts\/2425","targetHints":{"allow":["GET"]}}],"collection":[{"href":"https:\/\/www.sa-urg.eu\/es\/wp-json\/wp\/v2\/posts"}],"about":[{"href":"https:\/\/www.sa-urg.eu\/es\/wp-json\/wp\/v2\/types\/post"}],"author":[{"embeddable":true,"href":"https:\/\/www.sa-urg.eu\/es\/wp-json\/wp\/v2\/users\/1"}],"replies":[{"embeddable":true,"href":"https:\/\/www.sa-urg.eu\/es\/wp-json\/wp\/v2\/comments?post=2425"}],"version-history":[{"count":4,"href":"https:\/\/www.sa-urg.eu\/es\/wp-json\/wp\/v2\/posts\/2425\/revisions"}],"predecessor-version":[{"id":2443,"href":"https:\/\/www.sa-urg.eu\/es\/wp-json\/wp\/v2\/posts\/2425\/revisions\/2443"}],"wp:featuredmedia":[{"embeddable":true,"href":"https:\/\/www.sa-urg.eu\/es\/wp-json\/wp\/v2\/media\/2435"}],"wp:attachment":[{"href":"https:\/\/www.sa-urg.eu\/es\/wp-json\/wp\/v2\/media?parent=2425"}],"wp:term":[{"taxonomy":"category","embeddable":true,"href":"https:\/\/www.sa-urg.eu\/es\/wp-json\/wp\/v2\/categories?post=2425"},{"taxonomy":"post_tag","embeddable":true,"href":"https:\/\/www.sa-urg.eu\/es\/wp-json\/wp\/v2\/tags?post=2425"}],"curies":[{"name":"wp","href":"https:\/\/api.w.org\/{rel}","templated":true}]}}