{"id":2455,"date":"2025-07-17T12:49:38","date_gmt":"2025-07-17T10:49:38","guid":{"rendered":"https:\/\/www.sa-urg.eu\/?p=2455"},"modified":"2025-07-28T10:55:32","modified_gmt":"2025-07-28T08:55:32","slug":"participacion-de-los-socios-de-sa-urg-en-el-dispositivo-sanitario-de-los-encierros-de-san-fermin-2025","status":"publish","type":"post","link":"https:\/\/www.sa-urg.eu\/es\/2025\/07\/17\/participacion-de-los-socios-de-sa-urg-en-el-dispositivo-sanitario-de-los-encierros-de-san-fermin-2025\/","title":{"rendered":"Participaci\u00f3n de los socios de SA-URG en el dispositivo sanitario de los encierros de San Ferm\u00edn 2025"},"content":{"rendered":"\n<p>Entre los d\u00edas 7 y 14 de julio de 2025, varios profesionales sanitarios pertenecientes a los socios del proyecto SA-URG participaron como observadores en el dispositivo sanitario de los encierros de San Ferm\u00edn, en Pamplona. Esta actividad se enmarca dentro de las acciones de cooperaci\u00f3n, intercambio y formaci\u00f3n continua que promueve el proyecto para mejorar la respuesta sanitaria en situaciones de riesgo elevado.<\/p>\n\n\n\n<p>En esta edici\u00f3n, participaron personal sanitario del Centre Hospitalier Universitaire de Toulouse (CHU Toulouse), del Centre hospitalier C\u00f4te basque, del Sistema d\u2019Emerg\u00e8ncies M\u00e8diques (SEM) de Catalu\u00f1a y de Salud Arag\u00f3n, quienes pudieron conocer de primera mano la organizaci\u00f3n, despliegue y funcionamiento operativo de uno de los dispositivos de emergencias m\u00e1s exigentes del calendario internacional.<\/p>\n\n\n\n<p>Durante su estancia, los asistentes participaron en los briefings matutinos en el Centro Dr. San Mart\u00edn, acompa\u00f1aron a los equipos sanitarios a lo largo del recorrido del encierro y observaron sobre el terreno la activaci\u00f3n de protocolos, la coordinaci\u00f3n de recursos y la respuesta ante incidentes sanitarios en un entorno controlado, pero de alto riesgo.<\/p>\n\n\n\n<p>Desde SA-URG agradecemos a los profesionales participantes su implicaci\u00f3n, as\u00ed como al equipo organizador del dispositivo sanitario de Navarra por la excelente acogida y colaboraci\u00f3n. Este tipo de experiencias refuerzan la cooperaci\u00f3n transfronteriza y contribuyen a mejorar la capacidad de respuesta sanitaria en eventos de gran envergadura.<\/p>\n\n\n\n<p>Organizado por la Subdirecci\u00f3n de Urgencias de Navarra y Direcci\u00f3n T\u00e9cnica de la Atenci\u00f3n a la Urgencia Vital del SNS-O del Gobierno de Navarra y Navarrabiomed.<\/p>\n\n\n\n<p><\/p>\n\n\n\n<div class=\"wp-block-columns alignwide is-layout-flex wp-container-core-columns-is-layout-28f84493 wp-block-columns-is-layout-flex\">\n<div class=\"wp-block-column is-layout-flow wp-block-column-is-layout-flow\">\n<figure class=\"wp-block-image size-full\"><img loading=\"lazy\" decoding=\"async\" width=\"1000\" height=\"557\" src=\"http:\/\/www.sa-urg.eu\/wp-content\/uploads\/2025\/07\/Encierro_.jpg\" alt=\"\" class=\"wp-image-2459\" srcset=\"https:\/\/www.sa-urg.eu\/wp-content\/uploads\/2025\/07\/Encierro_.jpg 1000w, https:\/\/www.sa-urg.eu\/wp-content\/uploads\/2025\/07\/Encierro_-300x167.jpg 300w, https:\/\/www.sa-urg.eu\/wp-content\/uploads\/2025\/07\/Encierro_-18x10.jpg 18w\" sizes=\"auto, (max-width: 1000px) 100vw, 1000px\" \/><\/figure>\n<\/div>\n\n\n\n<div class=\"wp-block-column is-layout-flow wp-block-column-is-layout-flow\">\n<figure class=\"wp-block-image size-full\"><img loading=\"lazy\" decoding=\"async\" width=\"1000\" height=\"557\" src=\"http:\/\/www.sa-urg.eu\/wp-content\/uploads\/2025\/07\/Sala_de_control_San_Fermin.jpg\" alt=\"\" class=\"wp-image-2458\" srcset=\"https:\/\/www.sa-urg.eu\/wp-content\/uploads\/2025\/07\/Sala_de_control_San_Fermin.jpg 1000w, https:\/\/www.sa-urg.eu\/wp-content\/uploads\/2025\/07\/Sala_de_control_San_Fermin-300x167.jpg 300w, https:\/\/www.sa-urg.eu\/wp-content\/uploads\/2025\/07\/Sala_de_control_San_Fermin-18x10.jpg 18w\" sizes=\"auto, (max-width: 1000px) 100vw, 1000px\" \/><\/figure>\n<\/div>\n<\/div>\n\n\n\n<div class=\"wp-block-columns alignwide is-layout-flex wp-container-core-columns-is-layout-28f84493 wp-block-columns-is-layout-flex\">\n<div class=\"wp-block-column is-layout-flow wp-block-column-is-layout-flow\">\n<figure class=\"wp-block-image size-full\"><img loading=\"lazy\" decoding=\"async\" width=\"1000\" height=\"557\" src=\"https:\/\/www.sa-urg.eu\/wp-content\/uploads\/2025\/07\/Camino-plaza.jpg\" alt=\"\" class=\"wp-image-2461\" srcset=\"https:\/\/www.sa-urg.eu\/wp-content\/uploads\/2025\/07\/Camino-plaza.jpg 1000w, https:\/\/www.sa-urg.eu\/wp-content\/uploads\/2025\/07\/Camino-plaza-300x167.jpg 300w, https:\/\/www.sa-urg.eu\/wp-content\/uploads\/2025\/07\/Camino-plaza-18x10.jpg 18w\" sizes=\"auto, (max-width: 1000px) 100vw, 1000px\" \/><\/figure>\n<\/div>\n\n\n\n<div class=\"wp-block-column is-layout-flow wp-block-column-is-layout-flow\">\n<figure class=\"wp-block-image size-full\"><img loading=\"lazy\" decoding=\"async\" width=\"1000\" height=\"557\" src=\"https:\/\/www.sa-urg.eu\/wp-content\/uploads\/2025\/07\/Foto-grupo-plaza_2-2.jpg\" alt=\"\" class=\"wp-image-2462\" srcset=\"https:\/\/www.sa-urg.eu\/wp-content\/uploads\/2025\/07\/Foto-grupo-plaza_2-2.jpg 1000w, https:\/\/www.sa-urg.eu\/wp-content\/uploads\/2025\/07\/Foto-grupo-plaza_2-2-300x167.jpg 300w, https:\/\/www.sa-urg.eu\/wp-content\/uploads\/2025\/07\/Foto-grupo-plaza_2-2-18x10.jpg 18w\" sizes=\"auto, (max-width: 1000px) 100vw, 1000px\" \/><\/figure>\n<\/div>\n<\/div>\n\n\n\n<div class=\"wp-block-columns alignwide is-layout-flex wp-container-core-columns-is-layout-28f84493 wp-block-columns-is-layout-flex\">\n<div class=\"wp-block-column is-layout-flow wp-block-column-is-layout-flow\">\n<figure class=\"wp-block-image size-full\"><img loading=\"lazy\" decoding=\"async\" width=\"1000\" height=\"557\" src=\"http:\/\/www.sa-urg.eu\/wp-content\/uploads\/2025\/07\/Foto-grupo_1.jpg\" alt=\"\" class=\"wp-image-2486\" srcset=\"https:\/\/www.sa-urg.eu\/wp-content\/uploads\/2025\/07\/Foto-grupo_1.jpg 1000w, https:\/\/www.sa-urg.eu\/wp-content\/uploads\/2025\/07\/Foto-grupo_1-300x167.jpg 300w, https:\/\/www.sa-urg.eu\/wp-content\/uploads\/2025\/07\/Foto-grupo_1-18x10.jpg 18w\" sizes=\"auto, (max-width: 1000px) 100vw, 1000px\" \/><\/figure>\n<\/div>\n\n\n\n<div class=\"wp-block-column is-layout-flow wp-block-column-is-layout-flow\">\n<figure class=\"wp-block-image size-full\"><img loading=\"lazy\" decoding=\"async\" width=\"1000\" height=\"557\" src=\"http:\/\/www.sa-urg.eu\/wp-content\/uploads\/2025\/07\/Foto-grupo_2.jpg\" alt=\"\" class=\"wp-image-2485\" srcset=\"https:\/\/www.sa-urg.eu\/wp-content\/uploads\/2025\/07\/Foto-grupo_2.jpg 1000w, https:\/\/www.sa-urg.eu\/wp-content\/uploads\/2025\/07\/Foto-grupo_2-300x167.jpg 300w, https:\/\/www.sa-urg.eu\/wp-content\/uploads\/2025\/07\/Foto-grupo_2-18x10.jpg 18w\" sizes=\"auto, (max-width: 1000px) 100vw, 1000px\" \/><\/figure>\n<\/div>\n<\/div>\n\n\n\n<p><\/p>\n","protected":false},"excerpt":{"rendered":"<p>Entre los d\u00edas 7 y 14 de julio de 2025, varios profesionales sanitarios pertenecientes a los socios del proyecto SA-URG participaron como observadores en el dispositivo sanitario de los encierros de San Ferm\u00edn, en Pamplona. Esta actividad se enmarca dentro de las acciones de cooperaci\u00f3n, intercambio y formaci\u00f3n continua que promueve el proyecto para mejorar &hellip; <\/p>\n<p class=\"link-more\"><a href=\"https:\/\/www.sa-urg.eu\/es\/2025\/07\/17\/participacion-de-los-socios-de-sa-urg-en-el-dispositivo-sanitario-de-los-encierros-de-san-fermin-2025\/\" class=\"more-link\">Leer m\u00e1s<span class=\"screen-reader-text\"> \u00abParticipaci\u00f3n de los socios de SA-URG en el dispositivo sanitario de los encierros de San Ferm\u00edn 2025\u00bb<\/span><\/a><\/p>\n","protected":false},"author":1,"featured_media":2464,"comment_status":"open","ping_status":"open","sticky":true,"template":"","format":"standard","meta":{"_themeisle_gutenberg_block_has_review":false,"footnotes":""},"categories":[3],"tags":[],"class_list":["post-2455","post","type-post","status-publish","format-standard","has-post-thumbnail","hentry","category-actualidad"],"_links":{"self":[{"href":"https:\/\/www.sa-urg.eu\/es\/wp-json\/wp\/v2\/posts\/2455","targetHints":{"allow":["GET"]}}],"collection":[{"href":"https:\/\/www.sa-urg.eu\/es\/wp-json\/wp\/v2\/posts"}],"about":[{"href":"https:\/\/www.sa-urg.eu\/es\/wp-json\/wp\/v2\/types\/post"}],"author":[{"embeddable":true,"href":"https:\/\/www.sa-urg.eu\/es\/wp-json\/wp\/v2\/users\/1"}],"replies":[{"embeddable":true,"href":"https:\/\/www.sa-urg.eu\/es\/wp-json\/wp\/v2\/comments?post=2455"}],"version-history":[{"count":10,"href":"https:\/\/www.sa-urg.eu\/es\/wp-json\/wp\/v2\/posts\/2455\/revisions"}],"predecessor-version":[{"id":2487,"href":"https:\/\/www.sa-urg.eu\/es\/wp-json\/wp\/v2\/posts\/2455\/revisions\/2487"}],"wp:featuredmedia":[{"embeddable":true,"href":"https:\/\/www.sa-urg.eu\/es\/wp-json\/wp\/v2\/media\/2464"}],"wp:attachment":[{"href":"https:\/\/www.sa-urg.eu\/es\/wp-json\/wp\/v2\/media?parent=2455"}],"wp:term":[{"taxonomy":"category","embeddable":true,"href":"https:\/\/www.sa-urg.eu\/es\/wp-json\/wp\/v2\/categories?post=2455"},{"taxonomy":"post_tag","embeddable":true,"href":"https:\/\/www.sa-urg.eu\/es\/wp-json\/wp\/v2\/tags?post=2455"}],"curies":[{"name":"wp","href":"https:\/\/api.w.org\/{rel}","templated":true}]}}