{"id":2577,"date":"2026-01-26T10:43:17","date_gmt":"2026-01-26T09:43:17","guid":{"rendered":"https:\/\/www.sa-urg.eu\/?p=2577"},"modified":"2026-01-30T09:01:28","modified_gmt":"2026-01-30T08:01:28","slug":"sa-urg-organiza-su-segunda-formacion-inmersiva-en-el-centro-sens-del-chu-de-toulouse","status":"publish","type":"post","link":"https:\/\/www.sa-urg.eu\/es\/2026\/01\/26\/sa-urg-organiza-su-segunda-formacion-inmersiva-en-el-centro-sens-del-chu-de-toulouse\/","title":{"rendered":"SA-URG organiza su segunda formaci\u00f3n inmersiva en el centro SENS del CHU de Toulouse"},"content":{"rendered":"\n<p class=\"has-medium-font-size\">SA-URG celebra su segunda formaci\u00f3n inmersiva en el centro SENS del CHU de Toulouse para preparar el futuro equipo m\u00f3vil transfronterizo pirenaico de emergencias.<\/p>\n\n\n\n<p><\/p>\n\n\n\n<p>El proyecto europeo SA-URG ha organizado, a finales de 2025, su segunda sesi\u00f3n de formaci\u00f3n inmersiva en el centro SENS del CHU de Toulouse, reforzando el programa de capacitaci\u00f3n conjunta destinado a la creaci\u00f3n del futuro equipo m\u00f3vil transfronterizo pirenaico de emergencias.<\/p>\n\n\n\n<p>Esta nueva formaci\u00f3n ha contado con la participaci\u00f3n de profesionales del Centro Hospitalario de la C\u00f4te Basque, el Sistema de Emergencias M\u00e9dicas (SEM), el Servicio Aragon\u00e9s de Salud (SALUD), as\u00ed como los equipos del SAMU 31 y el SAMU 65, consolidando la cooperaci\u00f3n operativa entre socios de ambos lados de los Pirineos.<\/p>\n\n\n\n<p>El principal objetivo de esta segunda sesi\u00f3n ha sido seguir formando a los profesionales y equipos identificados dentro de la alianza SA-URG, con el fin de integrarlos progresivamente en el dispositivo m\u00f3vil transpirenaico.<\/p>\n\n\n\n<p>Este equipo est\u00e1 dise\u00f1ado para intervenir de forma r\u00e1pida, coordinada y eficaz en situaciones de emergencia, cat\u00e1strofes y eventos con m\u00faltiples v\u00edctimas, garantizando una respuesta sanitaria conjunta y armonizada.<\/p>\n\n\n\n<p class=\"has-secondary-color has-text-color has-link-color has-medium-font-size wp-elements-6f886630fa1d1299a4984d0bcb9c07d5\"><strong>Entrenamiento inmersivo en condiciones cercanas a la realidad<\/strong><\/p>\n\n\n\n<p>El centro SENS del CHU de Toulouse ofrece un entorno de simulaci\u00f3n avanzado que permite recrear escenarios complejos mediante tecnolog\u00edas inmersivas: efectos meteorol\u00f3gicos extremos, humo, vibraciones, escenarios tridimensionales y situaciones de alta presi\u00f3n operativa.<\/p>\n\n\n\n<p>Gracias a este entorno, los participantes han podido entrenarse en condiciones muy pr\u00f3ximas a la realidad, mejorar sus competencias t\u00e9cnicas y reforzar la interoperabilidad entre servicios sanitarios de diferentes territorios.<\/p>\n\n\n\n<p>M\u00e1s all\u00e1 del componente t\u00e9cnico, esta formaci\u00f3n ha permitido seguir fortaleciendo el trabajo en equipo entre profesionales de distintos pa\u00edses, culturas y estructuras organizativas. La experiencia compartida favorece la armonizaci\u00f3n de procedimientos y la construcci\u00f3n de una respuesta com\u00fan centrada en la atenci\u00f3n a las v\u00edctimas.<\/p>\n\n\n\n<p>Cofinanciado por la Uni\u00f3n Europea a trav\u00e9s del programa Interreg VI-A POCTEFA 2021-2027, el proyecto SA-URG tiene como objetivo promover un enfoque transfronterizo de la atenci\u00f3n de urgencias, mejorando la calidad asistencial y la capacidad de respuesta ante situaciones cr\u00edticas en el territorio pirenaico.<\/p>\n\n\n\n<p>Con esta segunda formaci\u00f3n, SA-URG contin\u00faa avanzando en la construcci\u00f3n de una red sanitaria transfronteriza s\u00f3lida, preparada y operativa, al servicio de la poblaci\u00f3n.<\/p>\n\n\n\n<figure class=\"wp-block-embed is-type-video is-provider-youtube wp-block-embed-youtube wp-embed-aspect-16-9 wp-has-aspect-ratio\"><div class=\"wp-block-embed__wrapper\">\n<iframe loading=\"lazy\" title=\"SA-URG formaci\u00f3n 2\" width=\"950\" height=\"534\" src=\"https:\/\/www.youtube.com\/embed\/lcmqdpAkzAU?feature=oembed\" frameborder=\"0\" allow=\"accelerometer; autoplay; clipboard-write; encrypted-media; gyroscope; picture-in-picture; web-share\" referrerpolicy=\"strict-origin-when-cross-origin\" allowfullscreen><\/iframe>\n<\/div><\/figure>\n\n\n\n<p><\/p>\n","protected":false},"excerpt":{"rendered":"<p>SA-URG celebra su segunda formaci\u00f3n inmersiva en el centro SENS del CHU de Toulouse para preparar el futuro equipo m\u00f3vil transfronterizo pirenaico de emergencias. El proyecto europeo SA-URG ha organizado, a finales de 2025, su segunda sesi\u00f3n de formaci\u00f3n inmersiva en el centro SENS del CHU de Toulouse, reforzando el programa de capacitaci\u00f3n conjunta destinado &hellip; <\/p>\n<p class=\"link-more\"><a href=\"https:\/\/www.sa-urg.eu\/es\/2026\/01\/26\/sa-urg-organiza-su-segunda-formacion-inmersiva-en-el-centro-sens-del-chu-de-toulouse\/\" class=\"more-link\">Leer m\u00e1s<span class=\"screen-reader-text\"> \u00abSA-URG organiza su segunda formaci\u00f3n inmersiva en el centro SENS del CHU de Toulouse\u00bb<\/span><\/a><\/p>\n","protected":false},"author":1,"featured_media":2580,"comment_status":"open","ping_status":"open","sticky":true,"template":"","format":"standard","meta":{"_themeisle_gutenberg_block_has_review":false,"footnotes":""},"categories":[19],"tags":[],"class_list":["post-2577","post","type-post","status-publish","format-standard","has-post-thumbnail","hentry","category-sin-categoria-es"],"_links":{"self":[{"href":"https:\/\/www.sa-urg.eu\/es\/wp-json\/wp\/v2\/posts\/2577","targetHints":{"allow":["GET"]}}],"collection":[{"href":"https:\/\/www.sa-urg.eu\/es\/wp-json\/wp\/v2\/posts"}],"about":[{"href":"https:\/\/www.sa-urg.eu\/es\/wp-json\/wp\/v2\/types\/post"}],"author":[{"embeddable":true,"href":"https:\/\/www.sa-urg.eu\/es\/wp-json\/wp\/v2\/users\/1"}],"replies":[{"embeddable":true,"href":"https:\/\/www.sa-urg.eu\/es\/wp-json\/wp\/v2\/comments?post=2577"}],"version-history":[{"count":2,"href":"https:\/\/www.sa-urg.eu\/es\/wp-json\/wp\/v2\/posts\/2577\/revisions"}],"predecessor-version":[{"id":2579,"href":"https:\/\/www.sa-urg.eu\/es\/wp-json\/wp\/v2\/posts\/2577\/revisions\/2579"}],"wp:featuredmedia":[{"embeddable":true,"href":"https:\/\/www.sa-urg.eu\/es\/wp-json\/wp\/v2\/media\/2580"}],"wp:attachment":[{"href":"https:\/\/www.sa-urg.eu\/es\/wp-json\/wp\/v2\/media?parent=2577"}],"wp:term":[{"taxonomy":"category","embeddable":true,"href":"https:\/\/www.sa-urg.eu\/es\/wp-json\/wp\/v2\/categories?post=2577"},{"taxonomy":"post_tag","embeddable":true,"href":"https:\/\/www.sa-urg.eu\/es\/wp-json\/wp\/v2\/tags?post=2577"}],"curies":[{"name":"wp","href":"https:\/\/api.w.org\/{rel}","templated":true}]}}