{"id":2567,"date":"2025-11-04T10:03:11","date_gmt":"2025-11-04T09:03:11","guid":{"rendered":"https:\/\/www.sa-urg.eu\/?p=2567"},"modified":"2025-11-04T10:11:14","modified_gmt":"2025-11-04T09:11:14","slug":"la-cooperacion-transfronteriza-un-tema-abordado-en-el-congreso-nacional-de-los-smur-pediatricos-2025","status":"publish","type":"post","link":"https:\/\/www.sa-urg.eu\/fr\/2025\/11\/04\/la-cooperacion-transfronteriza-un-tema-abordado-en-el-congreso-nacional-de-los-smur-pediatricos-2025\/","title":{"rendered":"La coop\u00e9ration transfrontali\u00e8re, un enjeu abord\u00e9 lors du congr\u00e8s nacional des SMUR p\u00e9diatriques 2025"},"content":{"rendered":"<p>Les 16 et 17 octobre 2025, l\u2019Espace de l\u2019Oc\u00e9an \u00e0 Anglet a accueilli la 12\u1d49 \u00e9dition des Journ\u00e9es Nationales des SMUR p\u00e9diatriques. Professionnels de sant\u00e9, urgentistes et acteurs institutionnels se sont r\u00e9unis pour aborder les enjeux majeurs du secours p\u00e9diatrique, parmi lesquels la probl\u00e9matique de la coop\u00e9ration transfrontali\u00e8re a \u00e9t\u00e9 abord\u00e9e.<\/p>\n\n\n\n<p>Le Dr Nicolas Harcaut, du Centre Hospitalier de la C\u00f4te Basque, a pr\u00e9sent\u00e9 les d\u00e9fis et les avanc\u00e9es li\u00e9s \u00e0 la gestion des urgences dans la zone transfrontali\u00e8re. Le territoire dans lequel \u00e9volue le Centre Hospitalier de la C\u00f4te Basque est marqu\u00e9 par sa proximit\u00e9 culturelle et g\u00e9ographique avec les Communaut\u00e9s Autonomes d\u2019Euskadi et de la Navarre, ce qui impose une collaboration quotidienne entre services m\u00e9dicaux des diff\u00e9rentes r\u00e9gions frontali\u00e8res.<\/p>\n\n\n\n<p>Cependant, les diff\u00e9rences administratives, linguistiques et r\u00e9glementaires constituent autant d\u2019obstacles \u00e0 surmonter pour garantir \u00e0 chaque patient une prise en charge rapide et \u00e9quitable, ind\u00e9pendamment de son c\u00f4t\u00e9 de la fronti\u00e8re.<\/p>\n\n\n\n<figure class=\"wp-block-image size-large\"><img loading=\"lazy\" decoding=\"async\" width=\"1024\" height=\"607\" src=\"https:\/\/www.sa-urg.eu\/wp-content\/uploads\/2025\/11\/foto1-web-saurg-1024x607.png\" alt=\"\" class=\"wp-image-2568\" srcset=\"https:\/\/www.sa-urg.eu\/wp-content\/uploads\/2025\/11\/foto1-web-saurg-1024x607.png 1024w, https:\/\/www.sa-urg.eu\/wp-content\/uploads\/2025\/11\/foto1-web-saurg-300x178.png 300w, https:\/\/www.sa-urg.eu\/wp-content\/uploads\/2025\/11\/foto1-web-saurg-18x12.png 18w, https:\/\/www.sa-urg.eu\/wp-content\/uploads\/2025\/11\/foto1-web-saurg.png 1600w\" sizes=\"auto, (max-width: 1024px) 100vw, 1024px\" \/><\/figure>\n\n\n\n<p><\/p>\n\n\n\n<p class=\"has-secondary-color has-text-color has-link-color has-medium-font-size wp-elements-c55cd67f13207b47d40fe36d48f41fff\"><strong>SA-URG : un projet europ\u00e9en au service de la sant\u00e9<\/strong><\/p>\n\n\n\n<p>C\u2019est dans cette perspective qu\u2019est n\u00e9 SA-URG, un projet scientifique, humain et solidaire financ\u00e9 par l\u2019Union Europ\u00e9enne dans le cadre du programme Interreg POCTEFA. SA-URG fait suite \u00e0 plusieurs projets transfrontaliers comme projets EGALURG ou H\u00e9linet et vise \u00e0 r\u00e9soudre les probl\u00e8mes d\u2019accessibilit\u00e9 aux services de sant\u00e9 dans la zone transfrontali\u00e8re pyr\u00e9n\u00e9enne.<\/p>\n\n\n\n<p>Le projet d\u00e9veloppe des outils innovants pour faciliter la communication et la coordination entre les services de secours de la zone transfrontali\u00e8re, tout en valorisant la coop\u00e9ration entre institutions et l\u2019impact concret des politiques europ\u00e9ennes sur la vie des citoyens.<\/p>\n\n\n\n<p>L\u2019objectif ultime repose sur des principes de r\u00e9ciprocit\u00e9 et d\u2019efficacit\u00e9 : quelle que soit la localisation du patient, la r\u00e9ponse m\u00e9dicale doit \u00eatre rapide, coordonn\u00e9e et adapt\u00e9e et garantir la continuit\u00e9 des soins, la s\u00e9curit\u00e9 juridique des \u00e9quipes et la transparence des \u00e9changes m\u00e9dicaux.\n\nPar ailleurs, le Le Dr Nicolas Harcaut a pr\u00e9sent\u00e9 la convention transfrontali\u00e8re d\u2019aide m\u00e9dicale urgente relie le D\u00e9partement de Sant\u00e9 du Gouvernement Basque, l\u2019ARS Nouvelle-Aquitaine et le Centre Hospitalier de la C\u00f4te Basque depuis 2010.<\/p>\n\n\n\n<p><strong>Ainsi, le Dr Harcaut a relat\u00e9 une intervention embl\u00e9matique : la prise en charge d\u2019un enfant espagnol victime d\u2019une noyade sur la c\u00f4te fran\u00e7aise \u00e0 l\u2019\u00e9t\u00e9 2024. <\/strong>Gr\u00e2ce \u00e0 la coordination transfrontali\u00e8re, l\u2019enfant a pu b\u00e9n\u00e9ficier d\u2019une r\u00e9animation initiale en France avant un transfert vers la r\u00e9animation p\u00e9diatrique de Saint-S\u00e9bastien. Cet exemple illustre l\u2019efficacit\u00e9 de la collaboration entre les deux syst\u00e8mes de sant\u00e9 et la pertinence des protocoles mis en place.\n\u00abA travers le projet SA-URG, la coop\u00e9ration continue de s\u2019\u00e9tendre. Des collaborations sont en cours avec la Navarre et d\u2019autres territoires pyr\u00e9n\u00e9ens \u00bb, a soulign\u00e9 Nicolas Harcaut. L\u2019objectif \u00e0 long terme est d\u2019instaurer des transferts et des prises en charge transfrontali\u00e8res entre tous les territoires frontaliers, ind\u00e9pendamment de la nationalit\u00e9 du patient.<\/p>\n\n\n\n<figure class=\"wp-block-image size-large\"><img loading=\"lazy\" decoding=\"async\" width=\"1024\" height=\"680\" src=\"https:\/\/www.sa-urg.eu\/wp-content\/uploads\/2025\/11\/Espace_de_locean_-_anglet-1-1024x680.jpg\" alt=\"\" class=\"wp-image-2570\" srcset=\"https:\/\/www.sa-urg.eu\/wp-content\/uploads\/2025\/11\/Espace_de_locean_-_anglet-1-1024x680.jpg 1024w, https:\/\/www.sa-urg.eu\/wp-content\/uploads\/2025\/11\/Espace_de_locean_-_anglet-1-300x199.jpg 300w, https:\/\/www.sa-urg.eu\/wp-content\/uploads\/2025\/11\/Espace_de_locean_-_anglet-1-18x12.jpg 18w, https:\/\/www.sa-urg.eu\/wp-content\/uploads\/2025\/11\/Espace_de_locean_-_anglet-1.jpg 1200w\" sizes=\"auto, (max-width: 1024px) 100vw, 1024px\" \/><\/figure>","protected":false},"excerpt":{"rendered":"<p>Les 16 et 17 octobre 2025, l'Espace de l'Oc\u00e9an \u00e0 Anglet a accueilli la 12e \u00e9dition des Journ\u00e9es nationales des SMUR p\u00e9diatriques. Professionnels de sant\u00e9, urgentistes et acteurs institutionnels se sont r\u00e9unis pour aborder les principaux enjeux des services d'urgences p\u00e9diatriques, notamment la probl\u00e9matique de la prise en charge ... <\/p>\n<p class=\"link-more\"><a href=\"https:\/\/www.sa-urg.eu\/fr\/2025\/11\/04\/la-cooperacion-transfronteriza-un-tema-abordado-en-el-congreso-nacional-de-los-smur-pediatricos-2025\/\" class=\"more-link\">Lire la suite de<span class=\"screen-reader-text\">\u00abLa coop\u00e9ration transfrontali\u00e8re, th\u00e8me du congr\u00e8s national des SMUR p\u00e9diatriques 2025 \u00bb<\/span><\/a><\/p>","protected":false},"author":1,"featured_media":2569,"comment_status":"open","ping_status":"open","sticky":true,"template":"","format":"standard","meta":{"_themeisle_gutenberg_block_has_review":false,"footnotes":""},"categories":[3],"tags":[],"class_list":["post-2567","post","type-post","status-publish","format-standard","has-post-thumbnail","hentry","category-actualidad"],"_links":{"self":[{"href":"https:\/\/www.sa-urg.eu\/fr\/wp-json\/wp\/v2\/posts\/2567","targetHints":{"allow":["GET"]}}],"collection":[{"href":"https:\/\/www.sa-urg.eu\/fr\/wp-json\/wp\/v2\/posts"}],"about":[{"href":"https:\/\/www.sa-urg.eu\/fr\/wp-json\/wp\/v2\/types\/post"}],"author":[{"embeddable":true,"href":"https:\/\/www.sa-urg.eu\/fr\/wp-json\/wp\/v2\/users\/1"}],"replies":[{"embeddable":true,"href":"https:\/\/www.sa-urg.eu\/fr\/wp-json\/wp\/v2\/comments?post=2567"}],"version-history":[{"count":2,"href":"https:\/\/www.sa-urg.eu\/fr\/wp-json\/wp\/v2\/posts\/2567\/revisions"}],"predecessor-version":[{"id":2573,"href":"https:\/\/www.sa-urg.eu\/fr\/wp-json\/wp\/v2\/posts\/2567\/revisions\/2573"}],"wp:featuredmedia":[{"embeddable":true,"href":"https:\/\/www.sa-urg.eu\/fr\/wp-json\/wp\/v2\/media\/2569"}],"wp:attachment":[{"href":"https:\/\/www.sa-urg.eu\/fr\/wp-json\/wp\/v2\/media?parent=2567"}],"wp:term":[{"taxonomy":"category","embeddable":true,"href":"https:\/\/www.sa-urg.eu\/fr\/wp-json\/wp\/v2\/categories?post=2567"},{"taxonomy":"post_tag","embeddable":true,"href":"https:\/\/www.sa-urg.eu\/fr\/wp-json\/wp\/v2\/tags?post=2567"}],"curies":[{"name":"wp","href":"https:\/\/api.w.org\/{rel}","templated":true}]}}