{"id":2577,"date":"2026-01-26T10:43:17","date_gmt":"2026-01-26T09:43:17","guid":{"rendered":"https:\/\/www.sa-urg.eu\/?p=2577"},"modified":"2026-01-30T09:01:28","modified_gmt":"2026-01-30T08:01:28","slug":"sa-urg-organiza-su-segunda-formacion-inmersiva-en-el-centro-sens-del-chu-de-toulouse","status":"publish","type":"post","link":"https:\/\/www.sa-urg.eu\/fr\/2026\/01\/26\/sa-urg-organiza-su-segunda-formacion-inmersiva-en-el-centro-sens-del-chu-de-toulouse\/","title":{"rendered":"SA-URG organise sa deuxi\u00e8me formation immersive au centre SENS du CHU de Toulouse"},"content":{"rendered":"<p class=\"has-medium-font-size\">SA-URG organise sa deuxi\u00e8me formation immersive au centre SENS du CHU de Toulouse pour pr\u00e9parer la future \u00e9quipe mobile transfrontali\u00e8re pyr\u00e9n\u00e9enne.<\/p>\n\n\n\n<p><\/p>\n\n\n\n<p>Le projet europ\u00e9en SA-URG a organis\u00e9, fin 2025, sa deuxi\u00e8me session de formation immersive au centre SENS du CHU de Toulouse, dans le cadre du programme de formation commun destin\u00e9 \u00e0 la cr\u00e9ation de la future \u00e9quipe mobile transfrontali\u00e8re pyr\u00e9n\u00e9enne d\u2019urgence.<\/p>\n\n\n\n<p>Cette session a r\u00e9uni des professionnels du Centre Hospitalier de la C\u00f4te Basque, du Sistema de Emergencias M\u00e9dicas (SEM), du Servicio Aragon\u00e9s de Salud (SALUD), ainsi que les \u00e9quipes du SAMU 31 et du SAMU 65, renfor\u00e7ant la coop\u00e9ration op\u00e9rationnelle entre partenaires.<\/p>\n\n\n\n<p>L\u2019objectif principal de cette deuxi\u00e8me session \u00e9tait de poursuivre la formation des professionnels et des \u00e9quipes identifi\u00e9s au sein de l\u2019alliance SA-URG, en vue de leur int\u00e9gration progressive \u00e0 la task force transfrontali\u00e8re.<\/p>\n\n\n\n<p>Ce dispositif est con\u00e7u pour intervenir rapidement et efficacement lors de situations d\u2019urgence, de catastrophes et d\u2019\u00e9v\u00e9nements \u00e0 victimes multiples.<\/p>\n\n\n\n<p class=\"has-secondary-color has-text-color has-link-color has-medium-font-size wp-elements-6f886630fa1d1299a4984d0bcb9c07d5\"><strong>Le centre SENS du CHU de Toulouse propose un environnement de simulation innovant permettant de recr\u00e9er des sc\u00e9narios complexes : conditions m\u00e9t\u00e9orologiques extr\u00eames, fum\u00e9e, vibrations, environnements 3D et contextes de forte pression op\u00e9rationnelle.<\/strong><\/p>\n\n\n\n<p>Le centre SENS du CHU de Toulouse offre un environnement de simulation avanc\u00e9 qui permet de recr\u00e9er des sc\u00e9narios complexes \u00e0 l'aide de technologies immersives : effets m\u00e9t\u00e9orologiques extr\u00eames, fum\u00e9e, vibrations, sc\u00e9narios tridimensionnels et situations de haute pression op\u00e9rationnelle.<\/p>\n\n\n\n<p>Gr\u00e2ce \u00e0 cet outil, les participants ont pu s\u2019entra\u00eener dans des conditions tr\u00e8s proches du r\u00e9el, renforcer leurs comp\u00e9tences techniques et am\u00e9liorer l\u2019interop\u00e9rabilit\u00e9 entre services des deux c\u00f4t\u00e9s des Pyr\u00e9n\u00e9es.<\/p>\n\n\n\n<p>Au-del\u00e0 des aspects techniques, cette formation a contribu\u00e9 \u00e0 consolider le travail en \u00e9quipe entre professionnels issus de diff\u00e9rents pays, cultures et syst\u00e8mes de sant\u00e9. L\u2019exp\u00e9rience partag\u00e9e favorise l\u2019harmonisation des proc\u00e9dures et la construction d\u2019une r\u00e9ponse commune centr\u00e9e sur la prise en charge des victimes.<\/p>\n\n\n\n<p>Cofinanc\u00e9 par l\u2019Union europ\u00e9enne via le programme Interreg VI-A POCTEFA 2021-2027, le projet SA-URG vise \u00e0 promouvoir une approche transfrontali\u00e8re des soins d\u2019urgence, en renfor\u00e7ant la qualit\u00e9 des prises en charge et la capacit\u00e9 de r\u00e9ponse face aux situations critiques dans l\u2019espace pyr\u00e9n\u00e9en.<\/p>\n\n\n\n<p>Avec cette deuxi\u00e8me formation, SA-URG poursuit la structuration d\u2019un r\u00e9seau sanitaire transfrontalier solide, op\u00e9rationnel et durable, au service de la population.<\/p>\n\n\n\n<figure class=\"wp-block-embed is-type-video is-provider-youtube wp-block-embed-youtube wp-embed-aspect-16-9 wp-has-aspect-ratio\"><div class=\"wp-block-embed__wrapper\">\n<iframe loading=\"lazy\" title=\"Formation SA-URG 2\" width=\"950\" height=\"534\" src=\"https:\/\/www.youtube.com\/embed\/lcmqdpAkzAU?feature=oembed\" frameborder=\"0\" allow=\"accelerometer; autoplay; clipboard-write; encrypted-media; gyroscope; picture-in-picture; web-share\" referrerpolicy=\"strict-origin-when-cross-origin\" allowfullscreen><\/iframe>\n<\/div><\/figure>\n\n\n\n<p><\/p>","protected":false},"excerpt":{"rendered":"<p>SA-URG organise sa deuxi\u00e8me session de formation immersive au centre SENS du CHU de Toulouse pour pr\u00e9parer la future \u00e9quipe mobile d'urgence transfrontali\u00e8re pyr\u00e9n\u00e9enne. Le projet europ\u00e9en SA-URG a organis\u00e9, fin 2025, sa deuxi\u00e8me session de formation immersive au centre SENS du CHU de Toulouse, renfor\u00e7ant ainsi le programme de formation commun visant \u00e0 ... <\/p>\n<p class=\"link-more\"><a href=\"https:\/\/www.sa-urg.eu\/fr\/2026\/01\/26\/sa-urg-organiza-su-segunda-formacion-inmersiva-en-el-centro-sens-del-chu-de-toulouse\/\" class=\"more-link\">Lire la suite de<span class=\"screen-reader-text\">\u00abSA-URG organise sa deuxi\u00e8me formation immersive au centre SENS du CHU de Toulouse \u00bb<\/span><\/a><\/p>","protected":false},"author":1,"featured_media":2580,"comment_status":"open","ping_status":"open","sticky":true,"template":"","format":"standard","meta":{"_themeisle_gutenberg_block_has_review":false,"footnotes":""},"categories":[19],"tags":[],"class_list":["post-2577","post","type-post","status-publish","format-standard","has-post-thumbnail","hentry","category-sin-categoria-es"],"_links":{"self":[{"href":"https:\/\/www.sa-urg.eu\/fr\/wp-json\/wp\/v2\/posts\/2577","targetHints":{"allow":["GET"]}}],"collection":[{"href":"https:\/\/www.sa-urg.eu\/fr\/wp-json\/wp\/v2\/posts"}],"about":[{"href":"https:\/\/www.sa-urg.eu\/fr\/wp-json\/wp\/v2\/types\/post"}],"author":[{"embeddable":true,"href":"https:\/\/www.sa-urg.eu\/fr\/wp-json\/wp\/v2\/users\/1"}],"replies":[{"embeddable":true,"href":"https:\/\/www.sa-urg.eu\/fr\/wp-json\/wp\/v2\/comments?post=2577"}],"version-history":[{"count":2,"href":"https:\/\/www.sa-urg.eu\/fr\/wp-json\/wp\/v2\/posts\/2577\/revisions"}],"predecessor-version":[{"id":2579,"href":"https:\/\/www.sa-urg.eu\/fr\/wp-json\/wp\/v2\/posts\/2577\/revisions\/2579"}],"wp:featuredmedia":[{"embeddable":true,"href":"https:\/\/www.sa-urg.eu\/fr\/wp-json\/wp\/v2\/media\/2580"}],"wp:attachment":[{"href":"https:\/\/www.sa-urg.eu\/fr\/wp-json\/wp\/v2\/media?parent=2577"}],"wp:term":[{"taxonomy":"category","embeddable":true,"href":"https:\/\/www.sa-urg.eu\/fr\/wp-json\/wp\/v2\/categories?post=2577"},{"taxonomy":"post_tag","embeddable":true,"href":"https:\/\/www.sa-urg.eu\/fr\/wp-json\/wp\/v2\/tags?post=2577"}],"curies":[{"name":"wp","href":"https:\/\/api.w.org\/{rel}","templated":true}]}}